{"id":828,"date":"2025-10-16T00:06:32","date_gmt":"2025-10-15T22:06:32","guid":{"rendered":"https:\/\/anciens-fermat.fr\/?p=828"},"modified":"2025-11-14T09:19:01","modified_gmt":"2025-11-14T08:19:01","slug":"hommage-a-gaston-monnerville","status":"publish","type":"post","link":"https:\/\/anciens-fermat.fr\/en\/2025\/10\/16\/hommage-a-gaston-monnerville\/","title":{"rendered":"Hommage \u00e0 Gaston MONNERVILLE"},"content":{"rendered":"<p><strong>\u00ab&nbsp;Gaston Monnerville &#8211; De Cayenne \u00e0 Toulouse&nbsp;\u00bb&nbsp;: Un \u00e9v\u00e8nement \u00e0 Toulouse pour c\u00e9l\u00e9brer la m\u00e9moire de cette grande figure de la R\u00e9publique et mieux faire conna\u00eetre son \u0153uvre et son engagement<\/strong><\/p>\n\n\n\n<p><strong>Port\u00e9e par la Soci\u00e9t\u00e9 des Amis du Pr\u00e9sident Gaston Monnerville que pr\u00e9side le s\u00e9nateur guyanais Georges Patient, \u00e9v\u00e8nement visant \u00e0 rendre hommage \u00e0 Gaston Monnerville, organis\u00e9s \u00e0 Toulouse, <em>salle du S\u00e9n\u00e9chal, <\/em>le 18 octobre 2025. Exposition \u00e0 partir de 16 h 30 puis conf\u00e9rence \u00e0 18 h 30. Cette initiative participe \u00e0 mieux faire conna\u00eetre l\u2019\u0153uvre et l\u2019engagement pour la justice et l\u2019\u00e9galit\u00e9 de cette grande figure r\u00e9publicaine, ainsi que de promouvoir son entr\u00e9e au Panth\u00e9on.<\/strong><\/p>\n\n\n\n<p><em>\u00ab&nbsp;Monnerville n\u2019est pas seulement une figure des outre-mer, il est une figure de la R\u00e9publique<\/em>&nbsp;\u00bb, assure le s\u00e9nateur guyanais Georges Patient qui pr\u00e9side la Soci\u00e9t\u00e9 des Amis du Pr\u00e9sident Gaston Monnerville (SAPGM) pour expliquer la s\u00e9rie d\u2019\u00e9v\u00e8nements visant \u00e0 rendre hommage \u00e0 cette grande figure r\u00e9publicaine qui a \u00e9t\u00e9 programm\u00e9e au cours de cette ann\u00e9e 2025.<\/p>\n\n\n\n<p>Des initiatives qui ont pour objectif de <em>\u00ab&nbsp;mieux faire conna\u00eetre son \u0153uvre et son engagement pour la justice et l\u2019\u00e9galit\u00e9, ainsi que de promouvoir son entr\u00e9e au Panth\u00e9on&nbsp;\u00bb<\/em>. Il faut dire que ce petit-fils d\u2019esclave, n\u00e9 en Guyane en 1897 de parents martiniquais a eu un parcours exceptionnel qui l\u2019a men\u00e9 jusqu\u2019aux plus hautes sph\u00e8res du pouvoir politique. Avocat, ancien r\u00e9sistant, d\u00e9put\u00e9, s\u00e9nateur, pr\u00e9sident pendant 21 ans du S\u00e9nat (1947 \u2013 1968), membre du Conseil Constitutionnel, Gaston Monnerville a \u00e9t\u00e9 un d\u00e9fenseur infatigable des valeurs r\u00e9publicaines et de l\u2019Etat de droit. Il incarne une R\u00e9publique exigeante et inclusive.<\/p>\n\n\n\n<p><strong>Un grand serviteur de la nation fran\u00e7aise<\/strong><\/p>\n\n\n\n<p>C\u2019est pour honorer la m\u00e9moire et l\u2019h\u00e9ritage de ce grand serviteur de la nation fran\u00e7aise et rappeler ce parcours exceptionnel qu\u2019un certain nombre d\u2019initiatives port\u00e9es par la SAPGM ont \u00e9t\u00e9 mises en \u0153uvre depuis le d\u00e9but de l\u2019ann\u00e9e et se poursuivront jusqu\u2019\u00e0 d\u00e9cembre. Dans ce cadre, deux \u00e9v\u00e8nements marquants seront organis\u00e9s \u00e0 Toulouse, ville qui \u00ab&nbsp;<em>a form\u00e9 son esprit et ses valeurs, et rend hommage \u00e0 l\u2019un de ses plus brillants \u00e9tudiants<\/em>&nbsp;\u00bb, pour reprendre les termes de Georges Patient.<\/p>\n\n\n\n<p><strong>C\u00e9l\u00e9brer son h\u00e9ritage et son universalisme<\/strong><\/p>\n\n\n\n<p>Le <em>18 octobre 2025<\/em>, \u00e0 l\u2019occasion du 128<sup>\u00e8me<\/sup> anniversaire de la naissance de Gaston Monnerville, un hommage national sera organis\u00e9 \u00e0 l\u2019initiative de la SAPGM, de la MOM (Maison des outre-mer en Occitanie), et d\u2019AGART (Amicale des Guyanais et Antillais de la R\u00e9gion Toulousaine) qui consistera en une exposition intitul\u00e9e <em>\u00ab\u00a0De Cayenne<\/em> <em>\u00e0 Toulouse<\/em>\u00a0\u00bb, une conf\u00e9rence-d\u00e9bat sur l\u2019apport de Gaston Monnerville \u00e0 la R\u00e9publique et son r\u00f4le dans l\u2019histoire parlementaire, et de manifestations artistiques et culturelles c\u00e9l\u00e9brant son h\u00e9ritage et son universalisme.<\/p>\n\n\n\n<p>A noter que le calendrier de toutes ces initiatives s\u2019inscrit dans le cadre du 150<sup>\u00e8me<\/sup> anniversaire du S\u00e9nat, dont Gaston Monnerville fut un des plus illustres pr\u00e9sidents et les 800 ans de l\u2019universit\u00e9 de Toulouse \u2013 Capitole. Grand homme d\u2019Etat qui a os\u00e9 \u00ab&nbsp;<em>dire non \u00e0 de Gaulle<\/em>&nbsp;\u00bb, symbole r\u00e9publicain s\u2019il en est, Gaston Monnerville reste toutefois quelque peu m\u00e9connu. Il faut donc esp\u00e9rer que ces \u00e9v\u00e8nements contribuent \u00e0 red\u00e9couvrir ce grand humaniste, et favorisent son entr\u00e9e m\u00e9rit\u00e9e au Panth\u00e9on.<\/p>","protected":false},"excerpt":{"rendered":"<p>\u00ab&nbsp;Gaston Monnerville &#8211; De Cayenne \u00e0 Toulouse&nbsp;\u00bb&nbsp;: Un \u00e9v\u00e8nement \u00e0 Toulouse pour c\u00e9l\u00e9brer la m\u00e9moire de cette grande figure de la R\u00e9publique et mieux faire conna\u00eetre son \u0153uvre et son engagement Port\u00e9e&#8230;<\/p>","protected":false},"author":483,"featured_media":0,"comment_status":"closed","ping_status":"closed","sticky":false,"template":"","format":"standard","meta":{"footnotes":""},"categories":[31],"tags":[],"class_list":["post-828","post","type-post","status-publish","format-standard","hentry","category-divers"],"_links":{"self":[{"href":"https:\/\/anciens-fermat.fr\/en\/wp-json\/wp\/v2\/posts\/828","targetHints":{"allow":["GET"]}}],"collection":[{"href":"https:\/\/anciens-fermat.fr\/en\/wp-json\/wp\/v2\/posts"}],"about":[{"href":"https:\/\/anciens-fermat.fr\/en\/wp-json\/wp\/v2\/types\/post"}],"author":[{"embeddable":true,"href":"https:\/\/anciens-fermat.fr\/en\/wp-json\/wp\/v2\/users\/483"}],"replies":[{"embeddable":true,"href":"https:\/\/anciens-fermat.fr\/en\/wp-json\/wp\/v2\/comments?post=828"}],"version-history":[{"count":1,"href":"https:\/\/anciens-fermat.fr\/en\/wp-json\/wp\/v2\/posts\/828\/revisions"}],"predecessor-version":[{"id":829,"href":"https:\/\/anciens-fermat.fr\/en\/wp-json\/wp\/v2\/posts\/828\/revisions\/829"}],"wp:attachment":[{"href":"https:\/\/anciens-fermat.fr\/en\/wp-json\/wp\/v2\/media?parent=828"}],"wp:term":[{"taxonomy":"category","embeddable":true,"href":"https:\/\/anciens-fermat.fr\/en\/wp-json\/wp\/v2\/categories?post=828"},{"taxonomy":"post_tag","embeddable":true,"href":"https:\/\/anciens-fermat.fr\/en\/wp-json\/wp\/v2\/tags?post=828"}],"curies":[{"name":"wp","href":"https:\/\/api.w.org\/{rel}","templated":true}]}}