{"id":802,"date":"2025-05-11T15:05:55","date_gmt":"2025-05-11T13:05:55","guid":{"rendered":"https:\/\/anciens-fermat.fr\/?p=802"},"modified":"2025-05-11T15:05:56","modified_gmt":"2025-05-11T13:05:56","slug":"suite-de-laventure-bleu-pacific","status":"publish","type":"post","link":"https:\/\/anciens-fermat.fr\/en\/2025\/05\/11\/suite-de-laventure-bleu-pacific\/","title":{"rendered":"Suite de l&#8217;aventure Bleu Pacific"},"content":{"rendered":"<p>Voici maintenant deux mois que nous sommes en Guadeloupe et de grandes avanc\u00e9es sur le projet ont \u00e9t\u00e9 r\u00e9alis\u00e9es !<\/p>\n\n\n\n<p>\ud83c\udf31<strong> \u00c0 la rencontre des mangroves<\/strong><\/p>\n\n\n\n<p>Une fois notre accueil \u00e0 l\u2019universit\u00e9 termin\u00e9, nous nous sommes empress\u00e9s d\u2019aller faire connaissance avec les mangroves. Une dizaine de jours durant lesquels nous avons sillonn\u00e9 l\u2019\u00eele papillon \u00e0 la recherche du terrain parfait, d\u00e9couvrant ainsi un \u00e9cosyst\u00e8me toujours plus grandiose et surprenant, autant scientifiquement que visuellement. Nous avons finalement jet\u00e9 notre d\u00e9volu sur la mangrove de la Plage de Babin, au nord de Grande-Terre, o\u00f9 nous avons pu faire plus amplement connaissance avec les crabes, petits et grands, les attaques de yen-yens, ainsi que le sol tra\u00eetre et mouvant qui c\u00e8de sous nos pas et nous engloutit jusqu\u2019aux hanches. Apr\u00e8s neuf semaines en Guadeloupe, nous pouvons enfin dire que la chaleur, le soleil et les plages paradisiaques font partie de notre paysage quotidien. Neuf semaines durant lesquelles nous avons pu d\u00e9couvrir de nombreux recoins de cette \u00eele, tous aussi vari\u00e9s que d\u00e9paysants, au milieu des cascades, de la v\u00e9g\u00e9tation luxuriante, des bancs de poissons multicolores et des moustiques.<\/p>\n\n\n\n<p>\ud83d\udd2c <strong>Premi\u00e8res mesures sur le terrain<\/strong><\/p>\n\n\n\n<p>L\u2019environnement enfin apprivois\u00e9, il \u00e9tait temps de d\u00e9finir et d\u2019implanter nos stations d\u2019\u00e9tudes que nous allons analyser tout au long de notre s\u00e9jour. Les mesures et autres pr\u00e9l\u00e8vements pouvaient enfin commencer. Au cours des derni\u00e8res semaines, nous avons ainsi patiemment pr\u00e9lev\u00e9 feuilles, branches, \u00e9chantillons de sol, eau et insectes pour percer les secrets de notre \u00e9cosyst\u00e8me pr\u00e9f\u00e9r\u00e9. Ces longues heures dans la chaleur, l\u2019humidit\u00e9 et la boue ont commenc\u00e9 r\u00e9cemment \u00e0 porter leurs fruits, avec des premiers r\u00e9sultats tr\u00e8s satisfaisants et encourageants pour la suite. Nous sommes pr\u00eats et excit\u00e9s \u00e0 poursuivre nos efforts pour profiter au maximum du temps restant sur place.&nbsp;<\/p>\n\n\n\n<p>\ud83c\udf92<strong> Transmission et sensibilisation<\/strong><\/p>\n\n\n\n<p>En parall\u00e8le de notre projet de recherche, d\u00e9j\u00e0 tr\u00e8s exigeant, nous avons trouv\u00e9 le temps d\u2019aller \u00e0 la rencontre des \u00e9tablissements scolaires de Guadeloupe, pour discuter de changement climatique, mont\u00e9e des eaux et bien-s\u00fbr des mangroves. Avec nos partenaires de voiles Unu Mondo, nous avons pu d\u00e9couvrir le plaisir d\u2019approfondir avec les plus jeunes leurs connaissances autour des changements climatiques et des mangroves qui les entourent. Cette transmission des sciences de l\u2019environnement et du climat s\u2019est aussi poursuivie en distanciel avec plusieurs classes de lyc\u00e9ens en m\u00e9tropole, en attendant de pouvoir les rencontrer \u00e0 la rentr\u00e9e.&nbsp;<\/p>\n\n\n\n<p>\ud83c\udfa5<strong> Un documentaire en pr\u00e9paration\u2026 et un coup de pouce bienvenu !<\/strong><\/p>\n\n\n\n<p>Ce partage prendra bient\u00f4t une nouvelle forme gr\u00e2ce aux grandes avanc\u00e9es de notre documentaire en cours de r\u00e9alisation, qui retracera toute notre aventure. Ne partez pas trop vite ! Pour continuer \u00e0 nous soutenir et permettre de financer nos actions de m\u00e9diation, nous avons besoin de votre aide pour remporter le prix du public de la fondation Veolia, simplement en votant pour notre projet BleuAtlantiC et en partageant le lien suivant \u00e0 vos proches : <a href=\"https:\/\/docs.google.com\/forms\/d\/e\/1FAIpQLScnRt6pfY8HsGldDP15WqU37F5snnFOlePQOgYqJASrRhez4w\/viewform\">https:\/\/docs.google.com\/forms\/d\/e\/1FAIpQLScnRt6pfY8HsGldDP15WqU37F5snnFOlePQOgYqJASrRhez4w\/viewform<\/a>&nbsp;<\/p>\n\n\n\n<p>Vous pouvez continuer \u00e0 suivre nos aventures au quotidien&nbsp; :&nbsp;<\/p>\n\n\n\n<ul class=\"wp-block-list\">\n<li>Sur notre compte instagram <a href=\"https:\/\/www.instagram.com\/bleuatlantic6\/\">@bleuatlantic6<\/a><\/li>\n\n\n\n<li>Sur notre site internet <a href=\"http:\/\/www.bleupacific.org\/\">www.bleupacific.org<\/a>, que nous avons r\u00e9cemment mis \u00e0 jour !<\/li>\n\n\n\n<li>Sur notre page LinkedIn <a href=\"https:\/\/www.linkedin.com\/company\/bleupacific\/\">BleuAtlantiC\u00a0<\/a><\/li>\n<\/ul>\n\n\n\n<p>A bient\u00f4t pour la suite de nos aventures !<\/p>\n\n\n\n<p>Mangrovement,<\/p>","protected":false},"excerpt":{"rendered":"<p>Voici maintenant deux mois que nous sommes en Guadeloupe et de grandes avanc\u00e9es sur le projet ont \u00e9t\u00e9 r\u00e9alis\u00e9es ! \ud83c\udf31 \u00c0 la rencontre des mangroves Une fois notre accueil \u00e0 l\u2019universit\u00e9&#8230;<\/p>","protected":false},"author":483,"featured_media":0,"comment_status":"closed","ping_status":"closed","sticky":false,"template":"","format":"standard","meta":{"footnotes":""},"categories":[31],"tags":[],"class_list":["post-802","post","type-post","status-publish","format-standard","hentry","category-divers"],"_links":{"self":[{"href":"https:\/\/anciens-fermat.fr\/en\/wp-json\/wp\/v2\/posts\/802","targetHints":{"allow":["GET"]}}],"collection":[{"href":"https:\/\/anciens-fermat.fr\/en\/wp-json\/wp\/v2\/posts"}],"about":[{"href":"https:\/\/anciens-fermat.fr\/en\/wp-json\/wp\/v2\/types\/post"}],"author":[{"embeddable":true,"href":"https:\/\/anciens-fermat.fr\/en\/wp-json\/wp\/v2\/users\/483"}],"replies":[{"embeddable":true,"href":"https:\/\/anciens-fermat.fr\/en\/wp-json\/wp\/v2\/comments?post=802"}],"version-history":[{"count":1,"href":"https:\/\/anciens-fermat.fr\/en\/wp-json\/wp\/v2\/posts\/802\/revisions"}],"predecessor-version":[{"id":803,"href":"https:\/\/anciens-fermat.fr\/en\/wp-json\/wp\/v2\/posts\/802\/revisions\/803"}],"wp:attachment":[{"href":"https:\/\/anciens-fermat.fr\/en\/wp-json\/wp\/v2\/media?parent=802"}],"wp:term":[{"taxonomy":"category","embeddable":true,"href":"https:\/\/anciens-fermat.fr\/en\/wp-json\/wp\/v2\/categories?post=802"},{"taxonomy":"post_tag","embeddable":true,"href":"https:\/\/anciens-fermat.fr\/en\/wp-json\/wp\/v2\/tags?post=802"}],"curies":[{"name":"wp","href":"https:\/\/api.w.org\/{rel}","templated":true}]}}