{"id":782,"date":"2025-03-09T10:01:28","date_gmt":"2025-03-09T09:01:28","guid":{"rendered":"https:\/\/anciens-fermat.fr\/?p=782"},"modified":"2025-03-09T10:03:23","modified_gmt":"2025-03-09T09:03:23","slug":"larrivee-en-guadeloupe-du-projet-bleuatlantic","status":"publish","type":"post","link":"https:\/\/anciens-fermat.fr\/en\/2025\/03\/09\/larrivee-en-guadeloupe-du-projet-bleuatlantic\/","title":{"rendered":"L&#8217;arriv\u00e9e en Guadeloupe du projet BleuAtlantic"},"content":{"rendered":"<p>Notre grande trave<strong>r<\/strong>s\u00e9e de l\u2019oc\u00e9an Atlantique vient de s\u2019achever : nous sommes arriv\u00e9.e.s dans notre destination finale, la Guadeloupe ! \ud83c\udfdd\ufe0f<\/p>\n\n\n\n<p><strong>Terre en vue de l\u2019autre c\u00f4t\u00e9 de l\u2019Atlantique&nbsp;<\/strong><\/p>\n\n\n\n<p>Vingt et un jours apr\u00e8s avoir largu\u00e9 les amarres aux \u00eeles Canaries, au matin de ce lundi 3 mars, nous nous sommes r\u00e9veill\u00e9.e.s avec une vision bien particuli\u00e8re. Il ne s\u2019agissait plus seulement du paysage devenu habituel &#8211; la houle \u00e0 perte de vue aux reflets ros\u00e9s du soleil levant derri\u00e8re nous \u00e0 l\u2019est, les poissons volants \u00e9chou\u00e9s sur le pont dans la nuit, et l\u2019horizon imperturbable scrut\u00e9 dans l\u2019\u00e9ventualit\u00e9 d\u2019y apercevoir un navire. Ce matin-l\u00e0, l\u2019horizon n\u2019\u00e9tait plus aussi lisse : Terre en vue !!! \ud83c\udf05<\/p>\n\n\n\n<p>Finies les journ\u00e9es hors du temps, au rythme des \u00e9l\u00e9ments. Finies les rencontres avec les vivants de l\u2019oc\u00e9an qui nous rappelaient que nous n\u2019\u00e9tions pas si seuls, merci aux dauphins pour leurs spectacles de natation synchronis\u00e9e endiabl\u00e9s sur les vagues devant notre proue \ud83d\udc2c. Au revoir l\u2018horizon bleu \u00e0 perte de vue, chang\u00e9 le soir par les mille couleurs enflamm\u00e9es du soleil couchant, avant de c\u00e9der la place aux plus belles toiles de ciels \u00e9toil\u00e9s dessin\u00e9s par la nuit. \ud83c\udf0c<\/p>\n\n\n\n<p>Fini aussi le roulis du voilier malmen\u00e9 par la houle ! Finis le mal de mer, la naus\u00e9e, la fatigue d\u2019un sommeil jamais complet ! Fini de se cogner, de tout renverser, de s\u2019accrocher aux rambardes pour ne pas chuter ! \ud83c\udf0a\ud83e\udd74<\/p>\n\n\n\n<p>Vous vous en doutiez et l\u2019aurez compris, cette travers\u00e9e de l\u2019oc\u00e9an fut une \u00e9preuve, physique, mentale et aussi humaine. Mais cette exp\u00e9rience extraordinaire nous a apport\u00e9 des cadeaux merveilleux, des petits bouts de notre plan\u00e8te que peu ont la chance de pouvoir observer. Nous en sortons pleins de gratitude, envers la mer pour nous avoir port\u00e9, le vent pour nous avoir pouss\u00e9, et tout l\u2019\u00e9quipage pour ce que nous avons partag\u00e9. \ud83d\ude4f<\/p>\n\n\n\n<p>D\u00e9sormais sur la terre ferme de Guadeloupe, nous prenons nos quartiers \u00e0 Pointe-\u00e0-Pitre, \u00e0 l\u2019Universit\u00e9 des Antilles. Accueillie par le soleil, la v\u00e9g\u00e9tation luxuriante et le chant des oiseaux qui nous avaient tant manqu\u00e9, mais aussi les costumes et musiques du carnaval, l\u2019\u00e9quipe a profit\u00e9 d\u2019un bon lit pour se reposer, d\u2019une douche bien appr\u00e9ci\u00e9e, et a explor\u00e9 les environs avant de se mettre \u00e0 travailler ! \ud83c\udfdd\ufe0f<\/p>\n\n\n\n<p><strong>Les pieds \u00e0 terre et bient\u00f4t dans les mangroves<\/strong><\/p>\n\n\n\n<p>En approchant de la c\u00f4te depuis la mer, quelle ne fut pas notre joie en apercevant les longues racines et des pal\u00e9tuviers ! Les mangroves nous ont accueillies elles aussi, et nous avons h\u00e2te d\u2019aller se plonger dans cet \u00e9cosyst\u00e8me fascinant, la raison de notre venue ! \ud83c\udf31<\/p>\n\n\n\n<p>Les trois semaines de navigation nous ont aussi permis de peaufiner nos probl\u00e9matiques, de parcourir la litt\u00e9rature scientifique et d\u2019affiner nos protocoles. \ud83d\udd2c<\/p>\n\n\n\n<p>Nous commen\u00e7ons le travail avec les chercheurs sur place pour enclencher les protocoles de recherche, et nous rendrons donc tr\u00e8s vite sur le terrain. \ud83d\udc69\u200d\ud83d\udd2c\ud83d\udc68\u200d<\/p>\n\n\n\n<p>Une premi\u00e8re graine a aussi \u00e9t\u00e9 sem\u00e9e pour le volet p\u00e9dagogique de notre projet : en plein milieu de l\u2019Atlantique, nous avons \u00e9chang\u00e9 en visio avec une classe de lyc\u00e9ens. Ce premier \u00e9change sera suivi de nombreux autres avec des \u00e9l\u00e8ves des \u00e9coles et lyc\u00e9es ici, en Guadeloupe, mais aussi en m\u00e9tropole. \ud83e\uddd1\u200d\ud83c\udf93<\/p>\n\n\n\n<p><strong>Restez au courant des derni\u00e8res avanc\u00e9es<\/strong><\/p>\n\n\n\n<p>Nous continuons de vous tenir au courant des avanc\u00e9es de nos aventures \u00e0 travers nos diff\u00e9rents canaux de communication :<\/p>\n\n\n\n<ul class=\"wp-block-list\">\n<li>Sur notre site internet<a href=\"http:\/\/www.bleupacific.org\/\"> www.bleupacific.org<\/a>, et sa page Journal de bord&nbsp;<\/li>\n\n\n\n<li>Sur nos r\u00e9seaux sociaux :<a href=\"https:\/\/www.instagram.com\/bleuatlantic6\/\"> @bleuatlantic6 sur Instagram<\/a> et<a href=\"https:\/\/www.linkedin.com\/company\/bleupacific\/\"> BleuAtlantiC sur LinkedIn<\/a><\/li>\n<\/ul>\n\n\n\n<p>Un grand merci \u00e0 vous pour votre soutien, sans lequel rien de tout cela ne serait possible ! \ud83d\udc9a<\/p>\n\n\n\n<p>\u00c0 tr\u00e8s vite pour la suite des \u00e9v\u00e8nements, les pieds dans les mangroves !<\/p>\n\n\n\n<p>Mangrovement,<\/p>\n\n\n\n<p>Gabin, Margot, Arthus, Orane et Lou<\/p>","protected":false},"excerpt":{"rendered":"<p>Notre grande travers\u00e9e de l\u2019oc\u00e9an Atlantique vient de s\u2019achever : nous sommes arriv\u00e9.e.s dans notre destination finale, la Guadeloupe ! \ud83c\udfdd\ufe0f Terre en vue de l\u2019autre c\u00f4t\u00e9 de l\u2019Atlantique&nbsp; Vingt et un&#8230;<\/p>","protected":false},"author":483,"featured_media":0,"comment_status":"closed","ping_status":"closed","sticky":false,"template":"","format":"standard","meta":{"footnotes":""},"categories":[31],"tags":[],"class_list":["post-782","post","type-post","status-publish","format-standard","hentry","category-divers"],"_links":{"self":[{"href":"https:\/\/anciens-fermat.fr\/en\/wp-json\/wp\/v2\/posts\/782","targetHints":{"allow":["GET"]}}],"collection":[{"href":"https:\/\/anciens-fermat.fr\/en\/wp-json\/wp\/v2\/posts"}],"about":[{"href":"https:\/\/anciens-fermat.fr\/en\/wp-json\/wp\/v2\/types\/post"}],"author":[{"embeddable":true,"href":"https:\/\/anciens-fermat.fr\/en\/wp-json\/wp\/v2\/users\/483"}],"replies":[{"embeddable":true,"href":"https:\/\/anciens-fermat.fr\/en\/wp-json\/wp\/v2\/comments?post=782"}],"version-history":[{"count":2,"href":"https:\/\/anciens-fermat.fr\/en\/wp-json\/wp\/v2\/posts\/782\/revisions"}],"predecessor-version":[{"id":784,"href":"https:\/\/anciens-fermat.fr\/en\/wp-json\/wp\/v2\/posts\/782\/revisions\/784"}],"wp:attachment":[{"href":"https:\/\/anciens-fermat.fr\/en\/wp-json\/wp\/v2\/media?parent=782"}],"wp:term":[{"taxonomy":"category","embeddable":true,"href":"https:\/\/anciens-fermat.fr\/en\/wp-json\/wp\/v2\/categories?post=782"},{"taxonomy":"post_tag","embeddable":true,"href":"https:\/\/anciens-fermat.fr\/en\/wp-json\/wp\/v2\/tags?post=782"}],"curies":[{"name":"wp","href":"https:\/\/api.w.org\/{rel}","templated":true}]}}