{"id":548,"date":"2023-01-19T13:59:00","date_gmt":"2023-01-19T12:59:00","guid":{"rendered":"https:\/\/anciens-fermat.fr\/?p=548"},"modified":"2024-10-01T17:41:01","modified_gmt":"2024-10-01T15:41:01","slug":"reunion-du-bureau-elargi-du-25-janvier-2023","status":"publish","type":"post","link":"https:\/\/anciens-fermat.fr\/en\/2023\/01\/19\/reunion-du-bureau-elargi-du-25-janvier-2023\/","title":{"rendered":"R\u00e9union du bureau \u00e9largi du 25 janvier 2023"},"content":{"rendered":"<p>Mercredi 25 janvier 2023 \u00e0 18h30 pr\u00e9cises \u00e0 la Salle d\u2019H\u00f4tes du Lyc\u00e9e Pierre de Fermat<\/p>\n\n\n\n<p>L\u2019ordre du jour sera le suivant :<\/p>\n\n\n\n<ul class=\"wp-block-list\">\n<li>\u00c9lection du bureau<\/li>\n\n\n\n<li>Bilan de l\u2019ann\u00e9e 2022<\/li>\n\n\n\n<li>Organisation des conf\u00e9rences<\/li>\n\n\n\n<li>ALTIER<\/li>\n\n\n\n<li>Le point sur les cotisations et la tr\u00e9sorerie<\/li>\n\n\n\n<li>Questions diverses<\/li>\n<\/ul>\n\n\n\n<p>Pour ceux qui le d\u00e9sirent, nous pourrons prendre ensuite un repas commun au restaurant \u00ab Au Gascon \u00bb, juste \u00e0 c\u00f4t\u00e9, au 9 rue des Jacobins. Merci de nous signifier si tu souhaites participer \u00e0 ce repas, afin que nous puissions r\u00e9server une table au bon nombre.<\/p>","protected":false},"excerpt":{"rendered":"<p>Mercredi 25 janvier 2023 \u00e0 18h30 pr\u00e9cises \u00e0 la Salle d\u2019H\u00f4tes du Lyc\u00e9e Pierre de Fermat L\u2019ordre du jour sera le suivant : Pour ceux qui le d\u00e9sirent, nous pourrons prendre ensuite&#8230;<\/p>","protected":false},"author":18,"featured_media":0,"comment_status":"closed","ping_status":"closed","sticky":false,"template":"","format":"standard","meta":{"footnotes":""},"categories":[29],"tags":[],"class_list":["post-548","post","type-post","status-publish","format-standard","hentry","category-reunions"],"_links":{"self":[{"href":"https:\/\/anciens-fermat.fr\/en\/wp-json\/wp\/v2\/posts\/548","targetHints":{"allow":["GET"]}}],"collection":[{"href":"https:\/\/anciens-fermat.fr\/en\/wp-json\/wp\/v2\/posts"}],"about":[{"href":"https:\/\/anciens-fermat.fr\/en\/wp-json\/wp\/v2\/types\/post"}],"author":[{"embeddable":true,"href":"https:\/\/anciens-fermat.fr\/en\/wp-json\/wp\/v2\/users\/18"}],"replies":[{"embeddable":true,"href":"https:\/\/anciens-fermat.fr\/en\/wp-json\/wp\/v2\/comments?post=548"}],"version-history":[{"count":2,"href":"https:\/\/anciens-fermat.fr\/en\/wp-json\/wp\/v2\/posts\/548\/revisions"}],"predecessor-version":[{"id":645,"href":"https:\/\/anciens-fermat.fr\/en\/wp-json\/wp\/v2\/posts\/548\/revisions\/645"}],"wp:attachment":[{"href":"https:\/\/anciens-fermat.fr\/en\/wp-json\/wp\/v2\/media?parent=548"}],"wp:term":[{"taxonomy":"category","embeddable":true,"href":"https:\/\/anciens-fermat.fr\/en\/wp-json\/wp\/v2\/categories?post=548"},{"taxonomy":"post_tag","embeddable":true,"href":"https:\/\/anciens-fermat.fr\/en\/wp-json\/wp\/v2\/tags?post=548"}],"curies":[{"name":"wp","href":"https:\/\/api.w.org\/{rel}","templated":true}]}}