{"id":533,"date":"2021-11-01T13:54:00","date_gmt":"2021-11-01T12:54:00","guid":{"rendered":"https:\/\/anciens-fermat.fr\/?p=533"},"modified":"2024-08-04T16:26:46","modified_gmt":"2024-08-04T14:26:46","slug":"le-lycee-en-vedette-dans-la-depeche-du-midi","status":"publish","type":"post","link":"https:\/\/anciens-fermat.fr\/en\/2021\/11\/01\/le-lycee-en-vedette-dans-la-depeche-du-midi\/","title":{"rendered":"Le Lyc\u00e9e en vedette dans &#8220;La D\u00e9p\u00eache du Midi&#8221;"},"content":{"rendered":"<p>Dommage que la mention \u00e0 nos prix NOBEL ne soit pas faite, nous pensons notamment au dernier en date Albert FERT.<\/p>","protected":false},"excerpt":{"rendered":"<p>Dommage que la mention \u00e0 nos prix NOBEL ne soit pas faite, nous pensons notamment au dernier en date Albert FERT.<\/p>","protected":false},"author":18,"featured_media":0,"comment_status":"closed","ping_status":"closed","sticky":false,"template":"","format":"standard","meta":{"footnotes":""},"categories":[31],"tags":[],"class_list":["post-533","post","type-post","status-publish","format-standard","hentry","category-divers"],"_links":{"self":[{"href":"https:\/\/anciens-fermat.fr\/en\/wp-json\/wp\/v2\/posts\/533","targetHints":{"allow":["GET"]}}],"collection":[{"href":"https:\/\/anciens-fermat.fr\/en\/wp-json\/wp\/v2\/posts"}],"about":[{"href":"https:\/\/anciens-fermat.fr\/en\/wp-json\/wp\/v2\/types\/post"}],"author":[{"embeddable":true,"href":"https:\/\/anciens-fermat.fr\/en\/wp-json\/wp\/v2\/users\/18"}],"replies":[{"embeddable":true,"href":"https:\/\/anciens-fermat.fr\/en\/wp-json\/wp\/v2\/comments?post=533"}],"version-history":[{"count":1,"href":"https:\/\/anciens-fermat.fr\/en\/wp-json\/wp\/v2\/posts\/533\/revisions"}],"predecessor-version":[{"id":534,"href":"https:\/\/anciens-fermat.fr\/en\/wp-json\/wp\/v2\/posts\/533\/revisions\/534"}],"wp:attachment":[{"href":"https:\/\/anciens-fermat.fr\/en\/wp-json\/wp\/v2\/media?parent=533"}],"wp:term":[{"taxonomy":"category","embeddable":true,"href":"https:\/\/anciens-fermat.fr\/en\/wp-json\/wp\/v2\/categories?post=533"},{"taxonomy":"post_tag","embeddable":true,"href":"https:\/\/anciens-fermat.fr\/en\/wp-json\/wp\/v2\/tags?post=533"}],"curies":[{"name":"wp","href":"https:\/\/api.w.org\/{rel}","templated":true}]}}