{"id":499,"date":"2019-03-25T13:13:00","date_gmt":"2019-03-25T12:13:00","guid":{"rendered":"https:\/\/anciens-fermat.fr\/?p=499"},"modified":"2024-08-04T16:26:59","modified_gmt":"2024-08-04T14:26:59","slug":"charles-cazalbou-expose-a-la-mediatheque","status":"publish","type":"post","link":"https:\/\/anciens-fermat.fr\/en\/2019\/03\/25\/charles-cazalbou-expose-a-la-mediatheque\/","title":{"rendered":"Charles Cazalbou expose \u00e0 la m\u00e9diath\u00e8que"},"content":{"rendered":"<p><strong>Charles Cazalbou expose \u00e0 la m\u00e9diath\u00e8que<\/strong><\/p>\n\n\n\n<p>Jusqu&#8217;\u00e0 la&nbsp;fin&nbsp;du&nbsp;mois,&nbsp;la m\u00e9diath\u00e8que&nbsp;propose une exposition&nbsp;d&#8217;aquarelles&nbsp;de&nbsp;Charles&nbsp;CAZALBOU, un Seyssois&nbsp;bien connu des&nbsp;amateurs d&#8217;art&nbsp;pictural.<\/p>\n\n\n\n<p>C&#8217;est \u00e0 un voyage au Pays basque qu&#8217;il nous convie. Ardent&nbsp;passionn\u00e9&nbsp;de&nbsp;ce&nbsp;pays,&nbsp;Charles&nbsp;CAZALBOU&nbsp;conte \u00e0&nbsp;merveille&nbsp;ses&nbsp;coups de&nbsp;c\u0153ur, avec ses toiles&nbsp;pr\u00e9cises,&nbsp;o\u00f9&nbsp;l&#8217;\u00e9clairage&nbsp;met&nbsp;en&nbsp;valeur&nbsp;les atouts&nbsp;de&nbsp;cette&nbsp;belle&nbsp;<strong>co<\/strong><strong>ntr\u00e9e<\/strong><strong>.&nbsp;&nbsp;<\/strong><\/p>\n\n\n\n<p><strong>Cet autodidacte travaille sur des photos qu&#8217;il prend lui-m\u00eame. Puis il interpr\u00e8te ses clich\u00e9s, ajoute sa touche personnelle et compose pour sublimer les \u00e9motions que lui ont procur\u00e9es ses d\u00e9couvertes.<\/strong><\/p>\n\n\n\n<p><strong>Charles n&#8217;est pas avare d&#8217;anecdotes sur ce Pays basque qu&#8217;il raconte avec la&nbsp;<\/strong>pointe d&#8217;humour qui&nbsp;le caract\u00e9rise.<\/p>\n\n\n\n<p><strong>M\u00eame s&#8217;il a touch\u00e9 \u00e0 plusieurs<\/strong>&nbsp;<strong>techniques dans la peinture, pastel, fusain, acrylique,&nbsp;&nbsp;c\u2019est l&#8217;aquarelle dans laquelle il est. tomb\u00e9,&nbsp;&nbsp;pour son plus grand plaisir et o\u00f9 il trouve le meilleur moyen de s&#8217;exprimer.<\/strong><\/p>\n\n\n\n<p><strong>Conseill\u00e9 par Genevi\u00e8ve ANDR\u00c9O et sur<\/strong>tout Olivier GAUDRON le tr\u00e8s p\u00e9dagogue&nbsp;enseignant&nbsp;\u00e0&nbsp;la&nbsp;vaste&nbsp;culture&nbsp;picturale,&nbsp;Charles&nbsp;CAZALBOU&nbsp;progresse dans son art depuis sa retraite, o\u00f9 il a le temps&nbsp;<strong>de&nbsp;<\/strong><strong>s&#8217;adonner \u00e0&nbsp;<\/strong><strong>sa passion<\/strong><strong>.<\/strong><\/p>\n\n\n\n<p>En&nbsp;plus du Pays&nbsp;basque,&nbsp;il&nbsp;pr\u00e9<strong>sente&nbsp;<\/strong><strong>un&nbsp;<\/strong><strong>sous-bois en noir&nbsp;<\/strong><strong>e<\/strong><strong>t&nbsp;<\/strong>blanc&nbsp;\u00e0]&#8217; effet surprenant&nbsp;de&nbsp;v\u00e9rit\u00e9.<\/p>\n\n\n\n<p>Un d\u00e9tour&nbsp;incontournable.<\/p>\n\n\n\n<p>Quant \u00e0&nbsp;la&nbsp;grotte&nbsp;d&#8217;Ellora&nbsp;en&nbsp;Indes, c&#8217;est&nbsp;un temple&nbsp;excav\u00e9 qu&#8217;il&nbsp;a&nbsp;voulu mettre&nbsp;en exergue pour sa r\u00e9alisation artistique&nbsp;unique&nbsp;datant des VI&#8217;&nbsp;et&nbsp;X&#8217;&nbsp;si\u00e8cles.<\/p>\n\n\n\n<p>Sa&nbsp;modestie oblige&nbsp;\u00e0&nbsp;lui&nbsp;soutirer les informations pour&nbsp;saluer&nbsp;le&nbsp;prix&nbsp;du&nbsp;conseil d\u00e9partemental&nbsp;&nbsp;qu&#8217;il a&nbsp;re\u00e7u&nbsp;au salon d&#8217;automne de la Fondation Pous.<\/p>\n\n\n\n<p>&nbsp;En avril&nbsp;il exposera \u00e0&nbsp;la m\u00e9diath\u00e8que d&#8217;&nbsp;<strong>AIGREFEUILLE<\/strong>.<\/p>","protected":false},"excerpt":{"rendered":"<p>Charles Cazalbou expose \u00e0 la m\u00e9diath\u00e8que Jusqu&#8217;\u00e0 la&nbsp;fin&nbsp;du&nbsp;mois,&nbsp;la m\u00e9diath\u00e8que&nbsp;propose une exposition&nbsp;d&#8217;aquarelles&nbsp;de&nbsp;Charles&nbsp;CAZALBOU, un Seyssois&nbsp;bien connu des&nbsp;amateurs d&#8217;art&nbsp;pictural. C&#8217;est \u00e0 un voyage au Pays basque qu&#8217;il nous convie. Ardent&nbsp;passionn\u00e9&nbsp;de&nbsp;ce&nbsp;pays,&nbsp;Charles&nbsp;CAZALBOU&nbsp;conte \u00e0&nbsp;merveille&nbsp;ses&nbsp;coups de&nbsp;c\u0153ur, avec ses toiles&nbsp;pr\u00e9cises,&nbsp;o\u00f9&nbsp;l&#8217;\u00e9clairage&nbsp;met&nbsp;en&nbsp;valeur&nbsp;les&#8230;<\/p>","protected":false},"author":18,"featured_media":0,"comment_status":"closed","ping_status":"closed","sticky":false,"template":"","format":"standard","meta":{"footnotes":""},"categories":[31],"tags":[],"class_list":["post-499","post","type-post","status-publish","format-standard","hentry","category-divers"],"_links":{"self":[{"href":"https:\/\/anciens-fermat.fr\/en\/wp-json\/wp\/v2\/posts\/499","targetHints":{"allow":["GET"]}}],"collection":[{"href":"https:\/\/anciens-fermat.fr\/en\/wp-json\/wp\/v2\/posts"}],"about":[{"href":"https:\/\/anciens-fermat.fr\/en\/wp-json\/wp\/v2\/types\/post"}],"author":[{"embeddable":true,"href":"https:\/\/anciens-fermat.fr\/en\/wp-json\/wp\/v2\/users\/18"}],"replies":[{"embeddable":true,"href":"https:\/\/anciens-fermat.fr\/en\/wp-json\/wp\/v2\/comments?post=499"}],"version-history":[{"count":1,"href":"https:\/\/anciens-fermat.fr\/en\/wp-json\/wp\/v2\/posts\/499\/revisions"}],"predecessor-version":[{"id":500,"href":"https:\/\/anciens-fermat.fr\/en\/wp-json\/wp\/v2\/posts\/499\/revisions\/500"}],"wp:attachment":[{"href":"https:\/\/anciens-fermat.fr\/en\/wp-json\/wp\/v2\/media?parent=499"}],"wp:term":[{"taxonomy":"category","embeddable":true,"href":"https:\/\/anciens-fermat.fr\/en\/wp-json\/wp\/v2\/categories?post=499"},{"taxonomy":"post_tag","embeddable":true,"href":"https:\/\/anciens-fermat.fr\/en\/wp-json\/wp\/v2\/tags?post=499"}],"curies":[{"name":"wp","href":"https:\/\/api.w.org\/{rel}","templated":true}]}}