{"id":493,"date":"2019-02-09T13:11:00","date_gmt":"2019-02-09T12:11:00","guid":{"rendered":"https:\/\/anciens-fermat.fr\/?p=493"},"modified":"2024-08-04T16:26:59","modified_gmt":"2024-08-04T14:26:59","slug":"conseil-dadministration-du-15-janvier-2019","status":"publish","type":"post","link":"https:\/\/anciens-fermat.fr\/en\/2019\/02\/09\/conseil-dadministration-du-15-janvier-2019\/","title":{"rendered":"Conseil d&#8217;administration du 15 janvier 2019"},"content":{"rendered":"<p><strong><u>Pr\u00e9sents<\/u>&nbsp;:<\/strong><\/p>\n\n\n\n<p><strong>Louis ARNAUD, Arnaud BOURET, Charles CAZALBOU, Charles CROUZILLAC,<br>B\u00e9atrice DESSEZ, Pierre FRAYSSE, G\u00e9rard LAPORTE, Bernard POULHIES,<br>&nbsp;Marie-Odile RENALIER, Didier SAINT-PAUL, Bernard TOURNAN<\/strong><\/p>\n\n\n\n<p><em><strong>Le quorum d\u2019un tiers de membres du Conseil d\u2019administration requis pour la validit\u00e9 des d\u00e9lib\u00e9rations est atteint.<\/strong><\/em><\/p>\n\n\n\n<p><strong><u>L\u2019ordre du jour est le suivant<\/u>&nbsp;:<\/strong><\/p>\n\n\n\n<p>\u00d8&nbsp;&nbsp;Ouverture des discussions par le doyen de s\u00e9ance<\/p>\n\n\n\n<p>\u00d8&nbsp;&nbsp;Election du Bureau<\/p>\n\n\n\n<p>\u00d8&nbsp;&nbsp;Relations avec le lyc\u00e9e (et notamment le Conseil de la Vie Lyc\u00e9enne)<\/p>\n\n\n\n<p>\u00d8&nbsp;&nbsp;\u00ab&nbsp;Goodies&nbsp;\u00bb et ventes aux jeunes<\/p>\n\n\n\n<p>\u00d8&nbsp;&nbsp;ALTIER 187<\/p>\n\n\n\n<p>\u00d8&nbsp;&nbsp;Questions diverses<\/p>\n\n\n\n<p><strong>La s\u00e9ance est ouverte \u00e0 19h45 par le doyen de s\u00e9ance, Charles CAZALBOU.<\/strong><\/p>\n\n\n\n<p><strong><u>Election du bureau<\/u>&nbsp;:<\/strong><\/p>\n\n\n\n<p>Appel \u00e0 candidatures est fait pour l\u2019\u00e9lection du bureau pour l\u2019ann\u00e9e 2019. Les candidats sont&nbsp;:<\/p>\n\n\n\n<p>Marie-Odile RENALIER, Didier SAINT-PAUL, Charles CROUZILLAC, Arnaud BOURET, Pierre FRAYSSE, Louis ARNAUD, Daniel DAYNIE-BADIN, Jean-Louis BRUCKNER, Annie MASSE, B\u00e9atrice DESSEZ, Bernard TOURNAN<\/p>\n\n\n\n<p><strong>L\u2019ensemble des candidats au bureau sont \u00e9lus \u00e0 l\u2019unanimit\u00e9 des pr\u00e9sents.<\/strong><\/p>\n\n\n\n<p><strong>Didier SAINT PAUL est \u00e9lu Pr\u00e9sident \u00e0 l\u2019unanimit\u00e9 des pr\u00e9sents. Charles CROUZILLAC est \u00e9lu Secr\u00e9taire g\u00e9n\u00e9ral \u00e0 l\u2019unanimit\u00e9 des pr\u00e9sents. Les autres \u00e9lus du bureau sont \u00e9lus \u00e0 leurs postes respectifs par acclamation.<\/strong><\/p>\n\n\n\n<p><strong><u>COMPOSITION DU BUREAU pour l\u2019ann\u00e9e 2019<\/u>&nbsp;:<\/strong><\/p>\n\n\n\n<p>&#8211;&nbsp;&nbsp;&nbsp;&nbsp;&nbsp;&nbsp;&nbsp;&nbsp;&nbsp;&nbsp;Pr\u00e9sident&nbsp;: Didier SAINT-PAUL<\/p>\n\n\n\n<p>&#8211;&nbsp;&nbsp;&nbsp;&nbsp;&nbsp;&nbsp;&nbsp;&nbsp;&nbsp;&nbsp;Vice-pr\u00e9sidente&nbsp;: Marie-Odile RENALIER<\/p>\n\n\n\n<p>&#8211;&nbsp;&nbsp;&nbsp;&nbsp;&nbsp;&nbsp;&nbsp;&nbsp;&nbsp;&nbsp;Secr\u00e9taire g\u00e9n\u00e9ral&nbsp;: Charles CROUZILLAC<\/p>\n\n\n\n<p>&#8211;&nbsp;&nbsp;&nbsp;&nbsp;&nbsp;&nbsp;&nbsp;&nbsp;&nbsp;&nbsp;Secr\u00e9taire g\u00e9n\u00e9ral adjoint&nbsp;: Arnaud BOURET<\/p>\n\n\n\n<p>&#8211;&nbsp;&nbsp;&nbsp;&nbsp;&nbsp;&nbsp;&nbsp;&nbsp;&nbsp;&nbsp;Tr\u00e9sorier&nbsp;: Pierre FRAYSSE<\/p>\n\n\n\n<p>&#8211;&nbsp;&nbsp;&nbsp;&nbsp;&nbsp;&nbsp;&nbsp;&nbsp;&nbsp;&nbsp;Questeur&nbsp;: Louis ARNAUD<\/p>\n\n\n\n<p>&#8211;&nbsp;&nbsp;&nbsp;&nbsp;&nbsp;&nbsp;&nbsp;&nbsp;&nbsp;&nbsp;Contr\u00f4leurs de gestion&nbsp;: Jean-Louis BRUCKNER, Daniel DAYNIE-BADIN<\/p>\n\n\n\n<p>&#8211;&nbsp;&nbsp;&nbsp;&nbsp;&nbsp;&nbsp;&nbsp;&nbsp;&nbsp;&nbsp;D\u00e9l\u00e9gu\u00e9 \u00e0 l\u2019ALTIER&nbsp;: Annie MASSE, Bernard TOURNAN<\/p>\n\n\n\n<p>&#8211;&nbsp;&nbsp;&nbsp;&nbsp;&nbsp;&nbsp;&nbsp;&nbsp;&nbsp;&nbsp;D\u00e9l\u00e9gu\u00e9e aux relations&nbsp;: B\u00e9atrice DESSEZ<\/p>\n\n\n\n<p><strong>Relations avec le lyc\u00e9e (et notamment le Conseil de la Vie Lyc\u00e9enne)<\/strong><\/p>\n\n\n\n<p>Le Proviseur avait souhait\u00e9 que l\u2019association soit impliqu\u00e9e dans le Conseil de la Vie Lyc\u00e9enne, mais attendait que la vice-pr\u00e9sidente \u00e9lue par les \u00e9l\u00e8ves (Eva BENDAYAN) nous sollicite, ce qu\u2019elle a fait d\u00e8s notre Assembl\u00e9e g\u00e9n\u00e9rale du 14 d\u00e9cembre 2018.<\/p>\n\n\n\n<p>Pour m\u00e9moire, les Terminales ont programm\u00e9 leur bal de fin d\u2019ann\u00e9e aux Espaces Vanel. C\u2019est un lieu prestigieux sur Toulouse, et dont la r\u00e9servation co\u00fbte cher. Pour financer une partie du co\u00fbt de ce bal, les \u00e9l\u00e8ves ont d\u00e9cid\u00e9 de mettre en vente des sweat-shirts de promotion. Toutefois, le CVL ne pouvant l\u00e9galement effectuer de ventes, il avait \u00e9t\u00e9 accept\u00e9 \u00e0 l\u2019unanimit\u00e9 par l\u2019assembl\u00e9e g\u00e9n\u00e9rale de jouer le r\u00f4le d\u2019interm\u00e9diaires, en \u00e9change d\u2019une mise en valeur de notre association par le CVL.<\/p>\n\n\n\n<p>Notre Tr\u00e9sorier Pierre FRAYSSE, qui a mis en place la plate-forme de vente, nous expose que le syst\u00e8me est fonctionnel depuis le 5 janvier 2019, et que les premi\u00e8res commandes sont arriv\u00e9es. 11 achats avaient \u00e9t\u00e9 faits au moment de la pr\u00e9sentation de Pierre de l\u2019\u00e9tat des lieux.<\/p>\n\n\n\n<p>Pour m\u00e9moire, nous avons pris contact aupr\u00e8s du fabriquant de nos mod\u00e8les de \u00ab&nbsp;goodies&nbsp;\u00bb, M. CUGNART, qui a propos\u00e9 un devis \u00e0 15,40\u20ac par sweat sans contraintes de taille, de couleur ou de quantit\u00e9. Les \u00e9l\u00e8ves avaient envisag\u00e9 de s\u2019engager aupr\u00e8s d\u2019un fabriquant de Caen pour 0,20\u20ac de moins \u00e0 l\u2019unit\u00e9, mais \u00e0 quantit\u00e9 fixe (350 sweats). La solution de secours que nous pouvons leur proposer sera tr\u00e8s certainement utilis\u00e9e, \u00e9tant donn\u00e9 qu\u2019il est peu probable que les ventes approchent ne serait-ce que les 100 exemplaires.<\/p>\n\n\n\n<p><strong>\u00ab&nbsp;Goodies&nbsp;\u00bb et ventes aux jeunes<\/strong><\/p>\n\n\n\n<p>Le principe est acquis d\u2019une aide des \u00e9l\u00e8ves \u00e0 pr\u00e9senter les \u00ab&nbsp;goodies&nbsp;\u00bb que nous avons d\u00e9j\u00e0 fait concevoir, ainsi que de la pr\u00e9sentation par eux de suggestions diff\u00e9rentes d\u2019objets sigl\u00e9s du blason.<\/p>\n\n\n\n<p>Des photos seront prises par Charles CROUZILLAC pour que Pierre FRAYSSE puisse cr\u00e9er les fiches de vente en ligne des articles d\u00e9j\u00e0 existants et pr\u00e9sent\u00e9s \u00e0 l\u2019Assembl\u00e9e g\u00e9n\u00e9rale.<\/p>\n\n\n\n<p><strong>ALTIER 187<\/strong><\/p>\n\n\n\n<p>Pour ce qui est des contenus du prochain ALTIER, les contenus d\u00e9j\u00e0 pr\u00e9vus sont les suivants&nbsp;:<\/p>\n\n\n\n<p>&#8211;&nbsp;&nbsp;&nbsp;&nbsp;&nbsp;&nbsp;&nbsp;&nbsp;&nbsp;&nbsp;Le compte-rendu de l\u2019assembl\u00e9e g\u00e9n\u00e9rale, la pr\u00e9sentation du nouveau bureau, les discours du Pr\u00e9sident et du Secr\u00e9taire g\u00e9n\u00e9ral, et le bilan financier<\/p>\n\n\n\n<p>&#8211;&nbsp;&nbsp;&nbsp;&nbsp;&nbsp;&nbsp;&nbsp;&nbsp;&nbsp;&nbsp;Il faudra qu\u2019un article soit \u00e9crit sur le banquet d\u2019hiver, qui a \u00e9t\u00e9 une jolie r\u00e9ussite<\/p>\n\n\n\n<p>&#8211;&nbsp;&nbsp;&nbsp;&nbsp;&nbsp;&nbsp;&nbsp;&nbsp;&nbsp;&nbsp;Nous int\u00e9grerons d\u2019autres anecdotes tir\u00e9es de nos souvenirs d\u2019anciens \u00e9l\u00e8ves<\/p>\n\n\n\n<p>&#8211;&nbsp;&nbsp;&nbsp;&nbsp;&nbsp;&nbsp;&nbsp;&nbsp;&nbsp;&nbsp;Des articles d\u2019ALTIERs du pass\u00e9 seront int\u00e9gr\u00e9s&nbsp;; il faudra retirer les volumes correspondants de la Salle des Actes<\/p>\n\n\n\n<p><strong>Questions diverses \u2013 Point du Tr\u00e9sorier<\/strong><\/p>\n\n\n\n<p>Pierre FRAYSSE fait un premier point sur les adh\u00e9sions et cotisations pour 2019. 53 adh\u00e9rents ont \u00e9t\u00e9 enregistr\u00e9s. Les cotisations de soutien ont \u00e9t\u00e9 tr\u00e8s g\u00e9n\u00e9reuses, repr\u00e9sentant un peu plus de 2&nbsp;500,00\u20ac.<\/p>\n\n\n\n<p><strong>Questions diverses \u2013 Banquet d\u2019\u00e9t\u00e9<\/strong><\/p>\n\n\n\n<p>La date retenue sur le principe est un&nbsp;<strong>banquet d\u2019\u00e9t\u00e9 le 13 juin 2019<\/strong>. Nous solliciterons le Proviseur et le Principal pour avoir leur accord, sur le m\u00eame principe que l\u2019an dernier (repas-buffet en ext\u00e9rieur).<\/p>\n\n\n\n<p><strong>Calendrier des prochaines r\u00e9unions<\/strong><\/p>\n\n\n\n<p>Les r\u00e9unions de bureau \u00e9largi resteront organis\u00e9es de fa\u00e7on syst\u00e9matique les troisi\u00e8mes mardis du mois. Les dates \u00e0 retenir seront les&nbsp;<strong>:<\/strong><\/p>\n\n\n\n<p>&#8211;&nbsp;&nbsp;&nbsp;&nbsp;&nbsp;&nbsp;&nbsp;&nbsp;&nbsp;&nbsp;19 f\u00e9vrier 2019<\/p>\n\n\n\n<p>&#8211;&nbsp;&nbsp;&nbsp;&nbsp;&nbsp;&nbsp;&nbsp;&nbsp;&nbsp;&nbsp;19 mars 2019<\/p>\n\n\n\n<p>&#8211;&nbsp;&nbsp;&nbsp;&nbsp;&nbsp;&nbsp;&nbsp;&nbsp;&nbsp;&nbsp;16 avril 2019<\/p>\n\n\n\n<p>&#8211;&nbsp;&nbsp;&nbsp;&nbsp;&nbsp;&nbsp;&nbsp;&nbsp;&nbsp;&nbsp;21 mai 2019<\/p>\n\n\n\n<p>&#8211;&nbsp;&nbsp;&nbsp;&nbsp;&nbsp;&nbsp;&nbsp;&nbsp;&nbsp;&nbsp;18 juin 2019<\/p>\n\n\n\n<p>Le calendrier de fin d\u2019ann\u00e9e sera fix\u00e9 plus tard.<\/p>","protected":false},"excerpt":{"rendered":"<p>Pr\u00e9sents&nbsp;: Louis ARNAUD, Arnaud BOURET, Charles CAZALBOU, Charles CROUZILLAC,B\u00e9atrice DESSEZ, Pierre FRAYSSE, G\u00e9rard LAPORTE, Bernard POULHIES,&nbsp;Marie-Odile RENALIER, Didier SAINT-PAUL, Bernard TOURNAN Le quorum d\u2019un tiers de membres du Conseil d\u2019administration requis pour&#8230;<\/p>","protected":false},"author":18,"featured_media":0,"comment_status":"closed","ping_status":"closed","sticky":false,"template":"","format":"standard","meta":{"footnotes":""},"categories":[29],"tags":[],"class_list":["post-493","post","type-post","status-publish","format-standard","hentry","category-reunions"],"_links":{"self":[{"href":"https:\/\/anciens-fermat.fr\/en\/wp-json\/wp\/v2\/posts\/493","targetHints":{"allow":["GET"]}}],"collection":[{"href":"https:\/\/anciens-fermat.fr\/en\/wp-json\/wp\/v2\/posts"}],"about":[{"href":"https:\/\/anciens-fermat.fr\/en\/wp-json\/wp\/v2\/types\/post"}],"author":[{"embeddable":true,"href":"https:\/\/anciens-fermat.fr\/en\/wp-json\/wp\/v2\/users\/18"}],"replies":[{"embeddable":true,"href":"https:\/\/anciens-fermat.fr\/en\/wp-json\/wp\/v2\/comments?post=493"}],"version-history":[{"count":1,"href":"https:\/\/anciens-fermat.fr\/en\/wp-json\/wp\/v2\/posts\/493\/revisions"}],"predecessor-version":[{"id":494,"href":"https:\/\/anciens-fermat.fr\/en\/wp-json\/wp\/v2\/posts\/493\/revisions\/494"}],"wp:attachment":[{"href":"https:\/\/anciens-fermat.fr\/en\/wp-json\/wp\/v2\/media?parent=493"}],"wp:term":[{"taxonomy":"category","embeddable":true,"href":"https:\/\/anciens-fermat.fr\/en\/wp-json\/wp\/v2\/categories?post=493"},{"taxonomy":"post_tag","embeddable":true,"href":"https:\/\/anciens-fermat.fr\/en\/wp-json\/wp\/v2\/tags?post=493"}],"curies":[{"name":"wp","href":"https:\/\/api.w.org\/{rel}","templated":true}]}}