{"id":491,"date":"2019-02-08T13:11:00","date_gmt":"2019-02-08T12:11:00","guid":{"rendered":"https:\/\/anciens-fermat.fr\/?p=491"},"modified":"2024-08-04T16:26:59","modified_gmt":"2024-08-04T14:26:59","slug":"reunion-du-bureau-elargi-de-fevrier-2019","status":"publish","type":"post","link":"https:\/\/anciens-fermat.fr\/en\/2019\/02\/08\/reunion-du-bureau-elargi-de-fevrier-2019\/","title":{"rendered":"R\u00e9union du bureau \u00e9largi de F\u00e9vrier 2019"},"content":{"rendered":"<p>La r\u00e9union aura lieu comme d&#8217;habitude au bistrot des Halles, Place Roguet \u00e0 partir de 19 h<\/p>\n\n\n\n<p>\u00b7&nbsp;&nbsp;&nbsp;&nbsp;&nbsp;&nbsp;&nbsp;&nbsp;&nbsp;Compte-rendu de notre participation \u00e0 la r\u00e9union du FSE (Foyer Socio-Educatif)<br>\u00b7&nbsp;&nbsp;&nbsp;&nbsp;&nbsp;&nbsp;&nbsp;&nbsp;&nbsp;Goodies (objets publicitaires&nbsp;: Lyc\u00e9e et Association)<br>\u00b7&nbsp;&nbsp;&nbsp;&nbsp;&nbsp;&nbsp;&nbsp;&nbsp;&nbsp;Banquet des terminales du 23 mai<br>\u00b7&nbsp;&nbsp;&nbsp;&nbsp;&nbsp;&nbsp;&nbsp;&nbsp;&nbsp;ALTIER<br>\u00b7&nbsp;&nbsp;&nbsp;&nbsp;&nbsp;&nbsp;&nbsp;&nbsp;&nbsp;Calendrier des prochaines r\u00e9unions. &nbsp; &nbsp;&nbsp; Questions diverses.<\/p>","protected":false},"excerpt":{"rendered":"<p>La r\u00e9union aura lieu comme d&#8217;habitude au bistrot des Halles, Place Roguet \u00e0 partir de 19 h \u00b7&nbsp;&nbsp;&nbsp;&nbsp;&nbsp;&nbsp;&nbsp;&nbsp;&nbsp;Compte-rendu de notre participation \u00e0 la r\u00e9union du FSE (Foyer Socio-Educatif)\u00b7&nbsp;&nbsp;&nbsp;&nbsp;&nbsp;&nbsp;&nbsp;&nbsp;&nbsp;Goodies (objets publicitaires&nbsp;: Lyc\u00e9e et&#8230;<\/p>","protected":false},"author":18,"featured_media":0,"comment_status":"closed","ping_status":"closed","sticky":false,"template":"","format":"standard","meta":{"footnotes":""},"categories":[29],"tags":[],"class_list":["post-491","post","type-post","status-publish","format-standard","hentry","category-reunions"],"_links":{"self":[{"href":"https:\/\/anciens-fermat.fr\/en\/wp-json\/wp\/v2\/posts\/491","targetHints":{"allow":["GET"]}}],"collection":[{"href":"https:\/\/anciens-fermat.fr\/en\/wp-json\/wp\/v2\/posts"}],"about":[{"href":"https:\/\/anciens-fermat.fr\/en\/wp-json\/wp\/v2\/types\/post"}],"author":[{"embeddable":true,"href":"https:\/\/anciens-fermat.fr\/en\/wp-json\/wp\/v2\/users\/18"}],"replies":[{"embeddable":true,"href":"https:\/\/anciens-fermat.fr\/en\/wp-json\/wp\/v2\/comments?post=491"}],"version-history":[{"count":1,"href":"https:\/\/anciens-fermat.fr\/en\/wp-json\/wp\/v2\/posts\/491\/revisions"}],"predecessor-version":[{"id":492,"href":"https:\/\/anciens-fermat.fr\/en\/wp-json\/wp\/v2\/posts\/491\/revisions\/492"}],"wp:attachment":[{"href":"https:\/\/anciens-fermat.fr\/en\/wp-json\/wp\/v2\/media?parent=491"}],"wp:term":[{"taxonomy":"category","embeddable":true,"href":"https:\/\/anciens-fermat.fr\/en\/wp-json\/wp\/v2\/categories?post=491"},{"taxonomy":"post_tag","embeddable":true,"href":"https:\/\/anciens-fermat.fr\/en\/wp-json\/wp\/v2\/tags?post=491"}],"curies":[{"name":"wp","href":"https:\/\/api.w.org\/{rel}","templated":true}]}}