{"id":457,"date":"2017-11-06T12:59:00","date_gmt":"2017-11-06T11:59:00","guid":{"rendered":"https:\/\/anciens-fermat.fr\/?p=457"},"modified":"2024-08-04T16:27:14","modified_gmt":"2024-08-04T14:27:14","slug":"commemoration-du-11-novembre","status":"publish","type":"post","link":"https:\/\/anciens-fermat.fr\/en\/2017\/11\/06\/commemoration-du-11-novembre\/","title":{"rendered":"Comm\u00e9moration du 11 Novembre"},"content":{"rendered":"<p>La prochaine comm\u00e9moration en hommage aux morts pour la France de notre lyc\u00e9e, se tiendra ce vendredi 10 novembre 2017 \u00e0 14h00, en salle Ozenne au Coll\u00e8ge. C\u00e9r\u00e9monie au cours de laquelle notre cher Pierre BRASSENS fera une allocution enregistr\u00e9e.<\/p>\n\n\n\n<p><\/p>","protected":false},"excerpt":{"rendered":"<p>La prochaine comm\u00e9moration en hommage aux morts pour la France de notre lyc\u00e9e, se tiendra ce vendredi 10 novembre 2017 \u00e0 14h00, en salle Ozenne au Coll\u00e8ge. C\u00e9r\u00e9monie au cours de laquelle&#8230;<\/p>","protected":false},"author":18,"featured_media":0,"comment_status":"closed","ping_status":"closed","sticky":false,"template":"","format":"standard","meta":{"footnotes":""},"categories":[31],"tags":[],"class_list":["post-457","post","type-post","status-publish","format-standard","hentry","category-divers"],"_links":{"self":[{"href":"https:\/\/anciens-fermat.fr\/en\/wp-json\/wp\/v2\/posts\/457","targetHints":{"allow":["GET"]}}],"collection":[{"href":"https:\/\/anciens-fermat.fr\/en\/wp-json\/wp\/v2\/posts"}],"about":[{"href":"https:\/\/anciens-fermat.fr\/en\/wp-json\/wp\/v2\/types\/post"}],"author":[{"embeddable":true,"href":"https:\/\/anciens-fermat.fr\/en\/wp-json\/wp\/v2\/users\/18"}],"replies":[{"embeddable":true,"href":"https:\/\/anciens-fermat.fr\/en\/wp-json\/wp\/v2\/comments?post=457"}],"version-history":[{"count":1,"href":"https:\/\/anciens-fermat.fr\/en\/wp-json\/wp\/v2\/posts\/457\/revisions"}],"predecessor-version":[{"id":458,"href":"https:\/\/anciens-fermat.fr\/en\/wp-json\/wp\/v2\/posts\/457\/revisions\/458"}],"wp:attachment":[{"href":"https:\/\/anciens-fermat.fr\/en\/wp-json\/wp\/v2\/media?parent=457"}],"wp:term":[{"taxonomy":"category","embeddable":true,"href":"https:\/\/anciens-fermat.fr\/en\/wp-json\/wp\/v2\/categories?post=457"},{"taxonomy":"post_tag","embeddable":true,"href":"https:\/\/anciens-fermat.fr\/en\/wp-json\/wp\/v2\/tags?post=457"}],"curies":[{"name":"wp","href":"https:\/\/api.w.org\/{rel}","templated":true}]}}