{"id":449,"date":"2017-05-04T12:56:00","date_gmt":"2017-05-04T10:56:00","guid":{"rendered":"https:\/\/anciens-fermat.fr\/?p=449"},"modified":"2024-08-04T16:27:24","modified_gmt":"2024-08-04T14:27:24","slug":"pv-reunion-bureau-du-18-avril-2017","status":"publish","type":"post","link":"https:\/\/anciens-fermat.fr\/en\/2017\/05\/04\/pv-reunion-bureau-du-18-avril-2017\/","title":{"rendered":"PV r\u00e9union Bureau du 18 avril 2017"},"content":{"rendered":"<p><br>En pr\u00e9sence de M. Fran\u00e7ois BECKRICH, Proviseur du Lyc\u00e9e<br>Pr\u00e9sents : Louis ARNAUD, Arnaud BOURET, Yvan CARRAT, Ren\u00e9 CHAUSSERAY, Charles<br>CROUZILLAC, B\u00e9atrice DESSEZ, Pierre FRAYSSE, Josette HATCHONDO, Annie MASSE, Michel<br>MASSE, Marie-Odile RENALIER, Didier SAINT-PAUL.<\/p>\n\n\n\n<p><br>Le Pr\u00e9sident ouvre les travaux \u00e0 20 heures, et remercie chaleureusement le Proviseur pour avoir bien voulu<br>accepter son invitation.<br>Il rappelle que seront trait\u00e9s les points o\u00f9 existent une convergence entre le lyc\u00e9e et l\u2019association des<br>anciens, et commence par remercier Josette HATCHONDO et toute l\u2019\u00e9quipe qu\u2019elle a su f\u00e9d\u00e9rer pour<br>travailler sur le blason, et notamment les Chartistes ; il \u00e9voque ensuite la possibilit\u00e9 d\u2019organiser une<br>pr\u00e9sentation officielle du blason jointe \u00e0 la manifestation pr\u00e9vue au lyc\u00e9e en Octobre pour la d\u00e9nomination<br>du b\u00e2timent Badiou\/Debauge, et demande au Proviseur s\u2019il y verrait un inconv\u00e9nient.<br>Le Proviseur prend alors la parole, et remercie le Pr\u00e9sident pour l\u2019invitation \u00e0 ce bureau. Il explique que le<br>17 octobre 2017 \u00e0 partir de la pause m\u00e9ridienne se tiendra la pr\u00e9sentation officielle du b\u00e2timent qui recevra<br>l\u2019appellation Badiou\/Debauge, avec une conf\u00e9rence pr\u00e9vue l\u2019apr\u00e8s-midi. Il est tout \u00e0 fait d\u2019accord sur le<br>principe de rassembler les deux manifestations, et est discut\u00e9e l\u2019opportunit\u00e9 de tenir la pr\u00e9sentation du<br>blason avant ou apr\u00e8s l\u2019inauguration des b\u00e2timents, notamment parce qu\u2019il est question d\u2019organiser un<br>cocktail de pr\u00e9sentation du blason \u00e0 la Mairie.<br>La discussion porte ensuite sur l\u2019espace d\u2019exposition qui existe d\u00e9sormais au lyc\u00e9e, hall des arts que le<br>Proviseur souhaite meubler. Il s\u2019agit d\u2019un espace ouvert au hall du 1er \u00e9tage, permettant d\u2019exposer une<br>quinzaine d\u2019oeuvres, dans lequel il est possible d\u2019organiser des vernissages. La question est pos\u00e9e notamment<br>au sujet du projet d\u2019exposition d\u2019artistes anciens de Fermat, mais \u00e9galement parce que le Proviseur souhaite,<br>sur le long terme, pr\u00e9voir une exposition permanente (\u00e0 terme de 50 ans). Le Pr\u00e9sident envisage de faire<br>exposer des artistes de la Fondation Pous (le fondateur, Fernand Roux, artiste lui-m\u00eame, \u00e9tait un ancien de<br>Fermat et faisait partie de l\u2019assiciation). Cette fondation a \u00e9t\u00e9 constitu\u00e9e par plusieurs membres de<br>l\u2019association des anciens.<br>La conversation porte ensuite sur le Prix Guy Crouzillac, qu\u2019il s\u2019agira dor\u00e9navant, en principe, de d\u00e9cliner<br>sur trois th\u00e8mes : sciences appliqu\u00e9es ; \u00e9conomie\/soci\u00e9t\u00e9 ; culture\/litt\u00e9rature\/arts. Le Proviseur sollicite la<br>production d\u2019un cahier des charges, notamment pour permettre d\u2019indiquer aux enseignants dans quel cadre<br>ils peuvent \u00eatre appel\u00e9s \u00e0 intervenir (pour promouvoir et\/ou accompagner).<br>De m\u00eame, le Proviseur sollicite la production d\u2019un cahier des charges pour un concours sur le th\u00e8me<br>\u00ab L\u2019Odyss\u00e9e de Fermat \u00bb, sur le sujet des mythologies. Est \u00e9voqu\u00e9e pour l\u2019accompagner une conf\u00e9rence<br>tenue par Louis Chavant. De fa\u00e7on g\u00e9n\u00e9rale, le Proviseur nous invite \u00e0 pr\u00e9senter des cahiers des charges<br>pour les projets que nous pourrions avoir, \u00e0 soumettre aux enseignants lors de la rentr\u00e9e du 1er septembre.<br>Pour ce qui concerne le nouveau site Internet des anciens, il est bien s\u00fbr admis que des liens doivent exister<br>entre l\u2019ENT du lyc\u00e9e et le site des anciens.<br>Sur le sujet de l\u2019ALTIER, Annie Mass\u00e9 sollicite le Proviseur pour une revue fond\u00e9e sur les \u00e9crits d\u2019\u00e9l\u00e8ves du<br>lyc\u00e9e, ainsi que, \u00e9ventuellement, l\u2019int\u00e9gration d\u2019articles d\u2019\u00e9l\u00e8ves de fa\u00e7on plus p\u00e9renne dans les num\u00e9ros<br>suivants. A ce sujet, le Proviseur indique qu\u2019il lui faut un cahier des charges avant les conseils<br>d\u2019enseignement de juin. Il demande qu\u2019on lui fournisse des ALTIER pour le CDI, et en version num\u00e9rique<br>pour l\u2019ENT.<br>Il a \u00e9t\u00e9 \u00e9voqu\u00e9, gr\u00e2ce \u00e0 notre camarade Yvan Carrat, la possibilit\u00e9 d\u2019un concert \u00e9ducatif, dans l\u2019amphith\u00e9\u00e2tre<br>du lyc\u00e9e, pouvant porter notamment sur Georges Brassens.<br>La conversation porte ensuite sur les possibilit\u00e9s de mise en vente de marchandise frapp\u00e9e du nouveau<br>blason. L\u00e0 aussi, l\u2019utilisation d\u2019un site Internet est envisag\u00e9e, mais le Proviseur propose \u00e9galement la<br>solution de passer par l\u2019interm\u00e9diaire du foyer socio-\u00e9ducatif, qui dispose d\u2019un syst\u00e8me de paiement en<br>ligne. Est aussi \u00e9voqu\u00e9e la participation logistique des anciens au concours du T-shirt de promotion des<br>Terminales (qui int\u00e9grerait alors le blason), ainsi que toutes autres participations de l\u2019association pour aider<br>les lyc\u00e9ens dans ce cadre pr\u00e9cis.<\/p>\n\n\n\n<p><br>La s\u00e9ance est lev\u00e9e \u00e0 21 heures 30.<\/p>\n\n\n\n<p><br>Pour le Pr\u00e9sident,<br>Le Secr\u00e9taire G\u00e9n\u00e9ral,<br>Charles CROUZILLAC<\/p>","protected":false},"excerpt":{"rendered":"<p>En pr\u00e9sence de M. Fran\u00e7ois BECKRICH, Proviseur du Lyc\u00e9ePr\u00e9sents : Louis ARNAUD, Arnaud BOURET, Yvan CARRAT, Ren\u00e9 CHAUSSERAY, CharlesCROUZILLAC, B\u00e9atrice DESSEZ, Pierre FRAYSSE, Josette HATCHONDO, Annie MASSE, MichelMASSE, Marie-Odile RENALIER, Didier SAINT-PAUL&#8230;.<\/p>","protected":false},"author":18,"featured_media":0,"comment_status":"closed","ping_status":"closed","sticky":false,"template":"","format":"standard","meta":{"footnotes":""},"categories":[29],"tags":[],"class_list":["post-449","post","type-post","status-publish","format-standard","hentry","category-reunions"],"_links":{"self":[{"href":"https:\/\/anciens-fermat.fr\/en\/wp-json\/wp\/v2\/posts\/449","targetHints":{"allow":["GET"]}}],"collection":[{"href":"https:\/\/anciens-fermat.fr\/en\/wp-json\/wp\/v2\/posts"}],"about":[{"href":"https:\/\/anciens-fermat.fr\/en\/wp-json\/wp\/v2\/types\/post"}],"author":[{"embeddable":true,"href":"https:\/\/anciens-fermat.fr\/en\/wp-json\/wp\/v2\/users\/18"}],"replies":[{"embeddable":true,"href":"https:\/\/anciens-fermat.fr\/en\/wp-json\/wp\/v2\/comments?post=449"}],"version-history":[{"count":1,"href":"https:\/\/anciens-fermat.fr\/en\/wp-json\/wp\/v2\/posts\/449\/revisions"}],"predecessor-version":[{"id":450,"href":"https:\/\/anciens-fermat.fr\/en\/wp-json\/wp\/v2\/posts\/449\/revisions\/450"}],"wp:attachment":[{"href":"https:\/\/anciens-fermat.fr\/en\/wp-json\/wp\/v2\/media?parent=449"}],"wp:term":[{"taxonomy":"category","embeddable":true,"href":"https:\/\/anciens-fermat.fr\/en\/wp-json\/wp\/v2\/categories?post=449"},{"taxonomy":"post_tag","embeddable":true,"href":"https:\/\/anciens-fermat.fr\/en\/wp-json\/wp\/v2\/tags?post=449"}],"curies":[{"name":"wp","href":"https:\/\/api.w.org\/{rel}","templated":true}]}}