{"id":445,"date":"2017-04-16T12:55:00","date_gmt":"2017-04-16T10:55:00","guid":{"rendered":"https:\/\/anciens-fermat.fr\/?p=445"},"modified":"2024-08-04T16:27:24","modified_gmt":"2024-08-04T14:27:24","slug":"reunion-du-bureau-elargi-du-18-avril","status":"publish","type":"post","link":"https:\/\/anciens-fermat.fr\/en\/2017\/04\/16\/reunion-du-bureau-elargi-du-18-avril\/","title":{"rendered":"R\u00e9union du bureau \u00e9largi du 18 avril."},"content":{"rendered":"<p>Chers camarades<\/p>\n\n\n\n<p>&nbsp; Ainsi que le bureau le d\u00e9sirait j&#8217;ai obtenu de Monsieur le Proviseur BEKRIECH Fran\u00e7ois de participer \u00e0 une r\u00e9union avec les<\/p>\n\n\n\n<p>&nbsp; membres de l&#8217;association.<\/p>\n\n\n\n<p>&nbsp; Cette rencontre compte tenu de nos divers calendriers aura lieu le 3\u00e9me mardi de ce mois , jour habituel de la r\u00e9union du Bureau,<\/p>\n\n\n\n<p>&nbsp; Le lieu de r\u00e9union est d\u00e9plac\u00e9 afin de r\u00e9pondre \u00e0 la demande de quelques camarades, nous confronterons nos avis apr\u00e8s cet essai.<\/p>\n\n\n\n<p>&nbsp; Je vous propose donc&nbsp;<strong>LE PAVE DES MINIMES &nbsp; 173 avenue des Minimes&nbsp;<\/strong>barri\u00e8re de Paris&nbsp;&nbsp;&nbsp;&nbsp;&nbsp;&nbsp;&nbsp;&nbsp;&nbsp;&nbsp;&nbsp;<\/p>\n\n\n\n<p>&nbsp;&nbsp;&nbsp;&nbsp;&nbsp;&nbsp;&nbsp;&nbsp;&nbsp;&nbsp;&nbsp;&nbsp;&nbsp;<strong>station du M\u00e9tro &#8220;Barri\u00e8re de Paris&#8221; ligne B<\/strong>&nbsp;devant l&#8217;\u00e9tablissement et&nbsp;parcage voiture&nbsp;possible dans la cour.<\/p>\n\n\n\n<p>&nbsp;La r\u00e9union&nbsp;commencera&nbsp; \u00e0 partir de 19 h 30 dans un salon priv\u00e9 o\u00f9 nous d\u00eenerons ensuite.<\/p>\n\n\n\n<p>&nbsp; L&#8217;ordre du jour sera simplifi\u00e9 car&nbsp; seront principalement \u00e9voqu\u00e9es&nbsp; avec le Proviseur les actions envisag\u00e9es lors des r\u00e9unions<\/p>\n\n\n\n<p>&nbsp; de l&#8217;association.&nbsp;<\/p>\n\n\n\n<p>&nbsp;&nbsp;<strong><em>&nbsp;&nbsp;&nbsp;&nbsp; Pour la bonne tenue de cette r\u00e9union je vous remercie, chers camarades, de vouloir bien indiquer soit \u00e0 notre ami<\/em><\/strong><\/p>\n\n\n\n<p><strong><em>&nbsp;&nbsp;&nbsp;&nbsp; Charles CROUZILLAC, soit \u00e0 moi-m\u00eame&nbsp; ( par courriel ou SMS ) votre participation afin que je puisse fixer le restaurateur sur le&nbsp;&nbsp;&nbsp;&nbsp; nombre de participants<\/em><\/strong><strong><em>&nbsp;et le nombre de repas \u00e0 pr\u00e9voir.<\/em><\/strong><\/p>\n\n\n\n<p>&nbsp;&nbsp;&nbsp; Tr\u00e8s cordialement.<\/p>\n\n\n\n<p>&nbsp;&nbsp;&nbsp; Le Pr\u00e9sident<\/p>\n\n\n\n<p>&nbsp;&nbsp;&nbsp; Louis ARNAUD<\/p>","protected":false},"excerpt":{"rendered":"<p>Chers camarades &nbsp; Ainsi que le bureau le d\u00e9sirait j&#8217;ai obtenu de Monsieur le Proviseur BEKRIECH Fran\u00e7ois de participer \u00e0 une r\u00e9union avec les &nbsp; membres de l&#8217;association. &nbsp; Cette rencontre compte&#8230;<\/p>","protected":false},"author":18,"featured_media":0,"comment_status":"closed","ping_status":"closed","sticky":false,"template":"","format":"standard","meta":{"footnotes":""},"categories":[29],"tags":[],"class_list":["post-445","post","type-post","status-publish","format-standard","hentry","category-reunions"],"_links":{"self":[{"href":"https:\/\/anciens-fermat.fr\/en\/wp-json\/wp\/v2\/posts\/445","targetHints":{"allow":["GET"]}}],"collection":[{"href":"https:\/\/anciens-fermat.fr\/en\/wp-json\/wp\/v2\/posts"}],"about":[{"href":"https:\/\/anciens-fermat.fr\/en\/wp-json\/wp\/v2\/types\/post"}],"author":[{"embeddable":true,"href":"https:\/\/anciens-fermat.fr\/en\/wp-json\/wp\/v2\/users\/18"}],"replies":[{"embeddable":true,"href":"https:\/\/anciens-fermat.fr\/en\/wp-json\/wp\/v2\/comments?post=445"}],"version-history":[{"count":1,"href":"https:\/\/anciens-fermat.fr\/en\/wp-json\/wp\/v2\/posts\/445\/revisions"}],"predecessor-version":[{"id":446,"href":"https:\/\/anciens-fermat.fr\/en\/wp-json\/wp\/v2\/posts\/445\/revisions\/446"}],"wp:attachment":[{"href":"https:\/\/anciens-fermat.fr\/en\/wp-json\/wp\/v2\/media?parent=445"}],"wp:term":[{"taxonomy":"category","embeddable":true,"href":"https:\/\/anciens-fermat.fr\/en\/wp-json\/wp\/v2\/categories?post=445"},{"taxonomy":"post_tag","embeddable":true,"href":"https:\/\/anciens-fermat.fr\/en\/wp-json\/wp\/v2\/tags?post=445"}],"curies":[{"name":"wp","href":"https:\/\/api.w.org\/{rel}","templated":true}]}}