{"id":431,"date":"2017-01-25T12:50:00","date_gmt":"2017-01-25T11:50:00","guid":{"rendered":"https:\/\/anciens-fermat.fr\/?p=431"},"modified":"2024-08-04T16:27:25","modified_gmt":"2024-08-04T14:27:25","slug":"vie-de-lassociation","status":"publish","type":"post","link":"https:\/\/anciens-fermat.fr\/en\/2017\/01\/25\/vie-de-lassociation\/","title":{"rendered":"Vie de l&#8217;association"},"content":{"rendered":"<p>Le banquet annuel de l\u2019association des anciens de Fermat, rendez-vous incontournable, est l&#8217;occasion de rencontres, de bons moments, de s\u00e9quences \u00e9motions, de souvenirs.&nbsp;<\/p>\n\n\n\n<p>En cette fin d&#8217;ann\u00e9e, le banquet aura lieu apr\u00e8s l&#8217;Assembl\u00e9e G\u00e9n\u00e9rale, comme toujours, soit le Vendredi 15 D\u00e9cembre 2017.<\/p>\n\n\n\n<p>Il se tiendra dans le r\u00e9fectoire du Lyc\u00e9e \u00e0 partir de 19 h 45 et sera \u00e9labor\u00e9 par SCAND<strong>I et PERGO.<\/strong><\/p>\n\n\n\n<p><strong>Le prix par personne est fix\u00e9 \u00e0 35 euros. Il est de 60 euros si vous venez accompagn\u00e9. Vous pouvez d\u00e8s maintenant vous inscrire aupr\u00e8s de Charles CROUZILLAC ou de Pierre FRAYSSE.<\/strong><\/p>\n\n\n\n<p><strong>Nous vous rappelons que les conjoints, conjointes sont les bienvenus.<\/strong><\/p>","protected":false},"excerpt":{"rendered":"<p>Le banquet annuel de l\u2019association des anciens de Fermat, rendez-vous incontournable, est l&#8217;occasion de rencontres, de bons moments, de s\u00e9quences \u00e9motions, de souvenirs.&nbsp; En cette fin d&#8217;ann\u00e9e, le banquet aura lieu apr\u00e8s&#8230;<\/p>","protected":false},"author":18,"featured_media":0,"comment_status":"closed","ping_status":"closed","sticky":false,"template":"","format":"standard","meta":{"footnotes":""},"categories":[31],"tags":[],"class_list":["post-431","post","type-post","status-publish","format-standard","hentry","category-divers"],"_links":{"self":[{"href":"https:\/\/anciens-fermat.fr\/en\/wp-json\/wp\/v2\/posts\/431","targetHints":{"allow":["GET"]}}],"collection":[{"href":"https:\/\/anciens-fermat.fr\/en\/wp-json\/wp\/v2\/posts"}],"about":[{"href":"https:\/\/anciens-fermat.fr\/en\/wp-json\/wp\/v2\/types\/post"}],"author":[{"embeddable":true,"href":"https:\/\/anciens-fermat.fr\/en\/wp-json\/wp\/v2\/users\/18"}],"replies":[{"embeddable":true,"href":"https:\/\/anciens-fermat.fr\/en\/wp-json\/wp\/v2\/comments?post=431"}],"version-history":[{"count":1,"href":"https:\/\/anciens-fermat.fr\/en\/wp-json\/wp\/v2\/posts\/431\/revisions"}],"predecessor-version":[{"id":432,"href":"https:\/\/anciens-fermat.fr\/en\/wp-json\/wp\/v2\/posts\/431\/revisions\/432"}],"wp:attachment":[{"href":"https:\/\/anciens-fermat.fr\/en\/wp-json\/wp\/v2\/media?parent=431"}],"wp:term":[{"taxonomy":"category","embeddable":true,"href":"https:\/\/anciens-fermat.fr\/en\/wp-json\/wp\/v2\/categories?post=431"},{"taxonomy":"post_tag","embeddable":true,"href":"https:\/\/anciens-fermat.fr\/en\/wp-json\/wp\/v2\/tags?post=431"}],"curies":[{"name":"wp","href":"https:\/\/api.w.org\/{rel}","templated":true}]}}