{"id":387,"date":"2016-09-19T12:28:00","date_gmt":"2016-09-19T10:28:00","guid":{"rendered":"https:\/\/anciens-fermat.fr\/?p=387"},"modified":"2024-08-04T16:27:41","modified_gmt":"2024-08-04T14:27:41","slug":"les-liens-avec-le-college-et-le-lycee","status":"publish","type":"post","link":"https:\/\/anciens-fermat.fr\/en\/2016\/09\/19\/les-liens-avec-le-college-et-le-lycee\/","title":{"rendered":"Les liens avec le coll\u00e8ge et le lyc\u00e9e"},"content":{"rendered":"<p>Si l\u2019association a pour objectif premier de \u00ab&nbsp;conserver, resserrer ou \u00e9tablir des relations amicales entre les anciens&nbsp;\u00bb, si elle se doit de venir en aide \u00e0 ses membres, elle a aussi pour mission de&nbsp;<strong>s\u2019impliquer dans la vie des \u00e9tablissements scolaires<\/strong>&nbsp;afin de participer \u00e0 l\u2019am\u00e9lioration de l\u2019enseignement, de veiller au bien-\u00eatre des \u00e9l\u00e8ves, de les motiver dans leur travail et de les guider dans leurs choix.<\/p>\n\n\n\n<p>Au cours de ses plus de&nbsp;<strong>130 ans<\/strong>&nbsp;d\u2019existence, l\u2019association s\u2019est donc attach\u00e9e \u00e0 maintenir&nbsp;des liens actifs avec le coll\u00e8ge et le lyc\u00e9e&nbsp;et ce, en \u00e9troite collaboration avec les diff\u00e9rentes administrations des \u00e9tablissements.<\/p>\n\n\n\n<p><\/p>","protected":false},"excerpt":{"rendered":"<p>Si l\u2019association a pour objectif premier de \u00ab&nbsp;conserver, resserrer ou \u00e9tablir des relations amicales entre les anciens&nbsp;\u00bb, si elle se doit de venir en aide \u00e0 ses membres, elle a aussi pour&#8230;<\/p>","protected":false},"author":18,"featured_media":0,"comment_status":"closed","ping_status":"closed","sticky":false,"template":"","format":"standard","meta":{"footnotes":""},"categories":[31],"tags":[],"class_list":["post-387","post","type-post","status-publish","format-standard","hentry","category-divers"],"_links":{"self":[{"href":"https:\/\/anciens-fermat.fr\/en\/wp-json\/wp\/v2\/posts\/387","targetHints":{"allow":["GET"]}}],"collection":[{"href":"https:\/\/anciens-fermat.fr\/en\/wp-json\/wp\/v2\/posts"}],"about":[{"href":"https:\/\/anciens-fermat.fr\/en\/wp-json\/wp\/v2\/types\/post"}],"author":[{"embeddable":true,"href":"https:\/\/anciens-fermat.fr\/en\/wp-json\/wp\/v2\/users\/18"}],"replies":[{"embeddable":true,"href":"https:\/\/anciens-fermat.fr\/en\/wp-json\/wp\/v2\/comments?post=387"}],"version-history":[{"count":1,"href":"https:\/\/anciens-fermat.fr\/en\/wp-json\/wp\/v2\/posts\/387\/revisions"}],"predecessor-version":[{"id":388,"href":"https:\/\/anciens-fermat.fr\/en\/wp-json\/wp\/v2\/posts\/387\/revisions\/388"}],"wp:attachment":[{"href":"https:\/\/anciens-fermat.fr\/en\/wp-json\/wp\/v2\/media?parent=387"}],"wp:term":[{"taxonomy":"category","embeddable":true,"href":"https:\/\/anciens-fermat.fr\/en\/wp-json\/wp\/v2\/categories?post=387"},{"taxonomy":"post_tag","embeddable":true,"href":"https:\/\/anciens-fermat.fr\/en\/wp-json\/wp\/v2\/tags?post=387"}],"curies":[{"name":"wp","href":"https:\/\/api.w.org\/{rel}","templated":true}]}}