{"id":37,"date":"2024-03-01T18:00:12","date_gmt":"2024-03-01T17:00:12","guid":{"rendered":"https:\/\/anciens-fermat.fr\/?p=37"},"modified":"2024-08-04T16:26:45","modified_gmt":"2024-08-04T14:26:45","slug":"conseil-dadministration-de-mars","status":"publish","type":"post","link":"https:\/\/anciens-fermat.fr\/en\/2024\/03\/01\/conseil-dadministration-de-mars\/","title":{"rendered":"Conseil d&#8217;administration de mars 2024"},"content":{"rendered":"<p><strong>Mercredi 13 mars 2024 \u00e0 18h00 pr\u00e9cises \u00e0 la Salle d\u2019H\u00f4tes du Lyc\u00e9e Pierre de Fermat<\/strong> (entr\u00e9e par la conciergerie, face aux Jacobins)<\/p>\n\n\n\n<p>L\u2019ordre du jour sera le suivant :<br><\/p>\n\n\n\n<ul class=\"wp-block-list\">\n<li>ALTIER<\/li>\n\n\n\n<li>Conf\u00e9rences<\/li>\n\n\n\n<li>Banquet d\u2019\u00e9t\u00e9<\/li>\n\n\n\n<li>Le point sur les cotisations et la tr\u00e9sorerie<\/li>\n\n\n\n<li>Questions diverses<\/li>\n<\/ul>\n\n\n\n<p>Pour ceux qui le d\u00e9sirent, nous pourrons prendre ensuite un repas commun au restaurant \u00ab Au Gascon \u00bb, juste \u00e0 c\u00f4t\u00e9, au 9 rue des Jacobins. Merci de nous signifier si tu souhaites participer \u00e0 ce repas, afin que nous puissions r\u00e9server une table au bon nombre.<\/p>","protected":false},"excerpt":{"rendered":"<p>Mercredi 13 mars 2024 \u00e0 18h00 pr\u00e9cises \u00e0 la Salle d\u2019H\u00f4tes du Lyc\u00e9e Pierre de Fermat (entr\u00e9e par la conciergerie, face aux Jacobins) L\u2019ordre du jour sera le suivant : Pour ceux&#8230;<\/p>","protected":false},"author":18,"featured_media":0,"comment_status":"open","ping_status":"open","sticky":false,"template":"","format":"standard","meta":{"footnotes":""},"categories":[19],"tags":[],"class_list":["post-37","post","type-post","status-publish","format-standard","hentry","category-conseils-dadministration"],"_links":{"self":[{"href":"https:\/\/anciens-fermat.fr\/en\/wp-json\/wp\/v2\/posts\/37","targetHints":{"allow":["GET"]}}],"collection":[{"href":"https:\/\/anciens-fermat.fr\/en\/wp-json\/wp\/v2\/posts"}],"about":[{"href":"https:\/\/anciens-fermat.fr\/en\/wp-json\/wp\/v2\/types\/post"}],"author":[{"embeddable":true,"href":"https:\/\/anciens-fermat.fr\/en\/wp-json\/wp\/v2\/users\/18"}],"replies":[{"embeddable":true,"href":"https:\/\/anciens-fermat.fr\/en\/wp-json\/wp\/v2\/comments?post=37"}],"version-history":[{"count":3,"href":"https:\/\/anciens-fermat.fr\/en\/wp-json\/wp\/v2\/posts\/37\/revisions"}],"predecessor-version":[{"id":170,"href":"https:\/\/anciens-fermat.fr\/en\/wp-json\/wp\/v2\/posts\/37\/revisions\/170"}],"wp:attachment":[{"href":"https:\/\/anciens-fermat.fr\/en\/wp-json\/wp\/v2\/media?parent=37"}],"wp:term":[{"taxonomy":"category","embeddable":true,"href":"https:\/\/anciens-fermat.fr\/en\/wp-json\/wp\/v2\/categories?post=37"},{"taxonomy":"post_tag","embeddable":true,"href":"https:\/\/anciens-fermat.fr\/en\/wp-json\/wp\/v2\/tags?post=37"}],"curies":[{"name":"wp","href":"https:\/\/api.w.org\/{rel}","templated":true}]}}